{"id":2926,"date":"2024-05-25T11:23:00","date_gmt":"2024-05-25T09:23:00","guid":{"rendered":"https:\/\/www.infomedia42.com\/orion\/?p=2926"},"modified":"2024-06-13T12:11:24","modified_gmt":"2024-06-13T10:11:24","slug":"latelier-photo-souvre-aux-smartphones","status":"publish","type":"post","link":"https:\/\/www.infomedia42.com\/orion\/latelier-photo-souvre-aux-smartphones\/","title":{"rendered":"L&rsquo;atelier Photo s&rsquo;ouvre aux smartphones"},"content":{"rendered":"\n<p>L&rsquo;atelier photo a \u00e9t\u00e9 cr\u00e9\u00e9 il y a quelques ann\u00e9es pour que chacun puisse utiliser au mieux les nouvelles fonctionnalit\u00e9s arrivant sur les appareils photo num\u00e9riques. <br>Ainsi, en allant au del\u00e0 des possibilit\u00e9s du \u00ab\u00a0mode automatique\u00a0\u00bb, en prenant le temps de r\u00e9gler et en apprenant l&rsquo;art de la composition d&rsquo;une photo, les membres de cet atelier ont progress\u00e9 et ont go\u00fbt\u00e9 aux plaisirs des premi\u00e8res expositions photos.<\/p>\n\n\n\n<p>Et nous en retrouvons une part non n\u00e9gligeable dans les effectifs du Club Photo InfoMedia !<\/p>\n\n\n\n<p>En termes de performance, les smartphones sont en train de combler leur retard par rapport aux appareils photos num\u00e9riques, et ils proposent de plus en plus de r\u00e9glages<br>On les utilisait pour faire des photos \u00e0 l&rsquo;improviste, aujourd&rsquo;hui de plus en plus de personnes apprennent \u00e0 les utiliser pour faire de la photo \u00ab\u00a0artistique\u00a0\u00bb, en prenant le temps du r\u00e9glage et de la composition<\/p>\n\n\n\n<p>Vous \u00eates dans ce cas ?<br>Sachez que, dor\u00e9navant, participer aux travaux de l&rsquo;atelier photo s&rsquo;adresse aussi \u00e0 vous, nous vous attendons !<\/p>\n\n\n\n<figure class=\"wp-block-image size-medium\"><img loading=\"lazy\" decoding=\"async\" width=\"300\" height=\"300\" src=\"https:\/\/www.infomedia42.com\/orion\/wp-content\/uploads\/2023\/11\/reflex-et-smartphone_9455604e-377b-4031-adc4-7ea2b3bdc253-300x300.jpg\" alt=\"\" class=\"wp-image-2925\" srcset=\"https:\/\/www.infomedia42.com\/orion\/wp-content\/uploads\/2023\/11\/reflex-et-smartphone_9455604e-377b-4031-adc4-7ea2b3bdc253-300x300.jpg 300w, https:\/\/www.infomedia42.com\/orion\/wp-content\/uploads\/2023\/11\/reflex-et-smartphone_9455604e-377b-4031-adc4-7ea2b3bdc253-150x150.jpg 150w, https:\/\/www.infomedia42.com\/orion\/wp-content\/uploads\/2023\/11\/reflex-et-smartphone_9455604e-377b-4031-adc4-7ea2b3bdc253-768x768.jpg 768w, https:\/\/www.infomedia42.com\/orion\/wp-content\/uploads\/2023\/11\/reflex-et-smartphone_9455604e-377b-4031-adc4-7ea2b3bdc253-510x510.jpg 510w, https:\/\/www.infomedia42.com\/orion\/wp-content\/uploads\/2023\/11\/reflex-et-smartphone_9455604e-377b-4031-adc4-7ea2b3bdc253.jpg 1024w\" sizes=\"auto, (max-width: 300px) 100vw, 300px\" \/><\/figure>\n","protected":false},"excerpt":{"rendered":"<p>L&rsquo;atelier photo a \u00e9t\u00e9 cr\u00e9\u00e9 il y a quelques ann\u00e9es pour que chacun puisse utiliser au mieux les nouvelles fonctionnalit\u00e9s arrivant sur les appareils photo num\u00e9riques. Ainsi, en allant au del\u00e0 des possibilit\u00e9s du \u00ab\u00a0mode automatique\u00a0\u00bb, en prenant le temps de r\u00e9gler et en apprenant l&rsquo;art de la composition d&rsquo;une photo, les membres de cet [&hellip;]<\/p>\n","protected":false},"author":1,"featured_media":2925,"comment_status":"closed","ping_status":"closed","sticky":false,"template":"","format":"standard","meta":{"footnotes":"","_links_to":"","_links_to_target":""},"categories":[13],"tags":[],"class_list":{"0":"post-2926","1":"post","2":"type-post","3":"status-publish","4":"format-standard","5":"has-post-thumbnail","7":"category-ateliers","8":"czr-hentry"},"yoast_head":"<!-- This site is optimized with the Yoast SEO plugin v27.5 - https:\/\/yoast.com\/product\/yoast-seo-wordpress\/ -->\n<title>L&#039;atelier Photo s&#039;ouvre aux smartphones - InfoMedia-L&#039;informatique pour tous<\/title>\n<meta name=\"robots\" content=\"index, follow, max-snippet:-1, max-image-preview:large, max-video-preview:-1\" \/>\n<link rel=\"canonical\" href=\"https:\/\/www.infomedia42.com\/orion\/latelier-photo-souvre-aux-smartphones\/\" \/>\n<meta property=\"og:locale\" content=\"fr_FR\" \/>\n<meta property=\"og:type\" content=\"article\" \/>\n<meta property=\"og:title\" content=\"L&#039;atelier Photo s&#039;ouvre aux smartphones - InfoMedia-L&#039;informatique pour tous\" \/>\n<meta property=\"og:description\" content=\"L&rsquo;atelier photo a \u00e9t\u00e9 cr\u00e9\u00e9 il y a quelques ann\u00e9es pour que chacun puisse utiliser au mieux les nouvelles fonctionnalit\u00e9s arrivant sur les appareils photo num\u00e9riques. Ainsi, en allant au del\u00e0 des possibilit\u00e9s du \u00ab\u00a0mode automatique\u00a0\u00bb, en prenant le temps de r\u00e9gler et en apprenant l&rsquo;art de la composition d&rsquo;une photo, les membres de cet [&hellip;]\" \/>\n<meta property=\"og:url\" content=\"https:\/\/www.infomedia42.com\/orion\/latelier-photo-souvre-aux-smartphones\/\" \/>\n<meta property=\"og:site_name\" content=\"InfoMedia-L&#039;informatique pour tous\" \/>\n<meta property=\"article:published_time\" content=\"2024-05-25T09:23:00+00:00\" \/>\n<meta property=\"article:modified_time\" content=\"2024-06-13T10:11:24+00:00\" \/>\n<meta property=\"og:image\" content=\"https:\/\/www.infomedia42.com\/orion\/wp-content\/uploads\/2023\/11\/reflex-et-smartphone_9455604e-377b-4031-adc4-7ea2b3bdc253.jpg\" \/>\n\t<meta property=\"og:image:width\" content=\"1024\" \/>\n\t<meta property=\"og:image:height\" content=\"1024\" \/>\n\t<meta property=\"og:image:type\" content=\"image\/jpeg\" \/>\n<meta name=\"author\" content=\"Herv\u00e9 NICOLAS\" \/>\n<meta name=\"twitter:card\" content=\"summary_large_image\" \/>\n<meta name=\"twitter:label1\" content=\"\u00c9crit par\" \/>\n\t<meta name=\"twitter:data1\" content=\"Herv\u00e9 NICOLAS\" \/>\n\t<meta name=\"twitter:label2\" content=\"Dur\u00e9e de lecture estim\u00e9e\" \/>\n\t<meta name=\"twitter:data2\" content=\"2 minutes\" \/>\n<script type=\"application\/ld+json\" class=\"yoast-schema-graph\">{\"@context\":\"https:\\\/\\\/schema.org\",\"@graph\":[{\"@type\":\"Article\",\"@id\":\"https:\\\/\\\/www.infomedia42.com\\\/orion\\\/latelier-photo-souvre-aux-smartphones\\\/#article\",\"isPartOf\":{\"@id\":\"https:\\\/\\\/www.infomedia42.com\\\/orion\\\/latelier-photo-souvre-aux-smartphones\\\/\"},\"author\":{\"name\":\"Herv\u00e9 NICOLAS\",\"@id\":\"https:\\\/\\\/www.infomedia42.com\\\/orion\\\/#\\\/schema\\\/person\\\/1f76709e0e88ea2dfb8ee479990d4dd8\"},\"headline\":\"L&rsquo;atelier Photo s&rsquo;ouvre aux smartphones\",\"datePublished\":\"2024-05-25T09:23:00+00:00\",\"dateModified\":\"2024-06-13T10:11:24+00:00\",\"mainEntityOfPage\":{\"@id\":\"https:\\\/\\\/www.infomedia42.com\\\/orion\\\/latelier-photo-souvre-aux-smartphones\\\/\"},\"wordCount\":180,\"publisher\":{\"@id\":\"https:\\\/\\\/www.infomedia42.com\\\/orion\\\/#organization\"},\"image\":{\"@id\":\"https:\\\/\\\/www.infomedia42.com\\\/orion\\\/latelier-photo-souvre-aux-smartphones\\\/#primaryimage\"},\"thumbnailUrl\":\"https:\\\/\\\/www.infomedia42.com\\\/orion\\\/wp-content\\\/uploads\\\/2023\\\/11\\\/reflex-et-smartphone_9455604e-377b-4031-adc4-7ea2b3bdc253.jpg\",\"articleSection\":[\"Ateliers\"],\"inLanguage\":\"fr-FR\"},{\"@type\":\"WebPage\",\"@id\":\"https:\\\/\\\/www.infomedia42.com\\\/orion\\\/latelier-photo-souvre-aux-smartphones\\\/\",\"url\":\"https:\\\/\\\/www.infomedia42.com\\\/orion\\\/latelier-photo-souvre-aux-smartphones\\\/\",\"name\":\"L'atelier Photo s'ouvre aux smartphones - InfoMedia-L&#039;informatique pour tous\",\"isPartOf\":{\"@id\":\"https:\\\/\\\/www.infomedia42.com\\\/orion\\\/#website\"},\"primaryImageOfPage\":{\"@id\":\"https:\\\/\\\/www.infomedia42.com\\\/orion\\\/latelier-photo-souvre-aux-smartphones\\\/#primaryimage\"},\"image\":{\"@id\":\"https:\\\/\\\/www.infomedia42.com\\\/orion\\\/latelier-photo-souvre-aux-smartphones\\\/#primaryimage\"},\"thumbnailUrl\":\"https:\\\/\\\/www.infomedia42.com\\\/orion\\\/wp-content\\\/uploads\\\/2023\\\/11\\\/reflex-et-smartphone_9455604e-377b-4031-adc4-7ea2b3bdc253.jpg\",\"datePublished\":\"2024-05-25T09:23:00+00:00\",\"dateModified\":\"2024-06-13T10:11:24+00:00\",\"breadcrumb\":{\"@id\":\"https:\\\/\\\/www.infomedia42.com\\\/orion\\\/latelier-photo-souvre-aux-smartphones\\\/#breadcrumb\"},\"inLanguage\":\"fr-FR\",\"potentialAction\":[{\"@type\":\"ReadAction\",\"target\":[\"https:\\\/\\\/www.infomedia42.com\\\/orion\\\/latelier-photo-souvre-aux-smartphones\\\/\"]}]},{\"@type\":\"ImageObject\",\"inLanguage\":\"fr-FR\",\"@id\":\"https:\\\/\\\/www.infomedia42.com\\\/orion\\\/latelier-photo-souvre-aux-smartphones\\\/#primaryimage\",\"url\":\"https:\\\/\\\/www.infomedia42.com\\\/orion\\\/wp-content\\\/uploads\\\/2023\\\/11\\\/reflex-et-smartphone_9455604e-377b-4031-adc4-7ea2b3bdc253.jpg\",\"contentUrl\":\"https:\\\/\\\/www.infomedia42.com\\\/orion\\\/wp-content\\\/uploads\\\/2023\\\/11\\\/reflex-et-smartphone_9455604e-377b-4031-adc4-7ea2b3bdc253.jpg\",\"width\":1024,\"height\":1024},{\"@type\":\"BreadcrumbList\",\"@id\":\"https:\\\/\\\/www.infomedia42.com\\\/orion\\\/latelier-photo-souvre-aux-smartphones\\\/#breadcrumb\",\"itemListElement\":[{\"@type\":\"ListItem\",\"position\":1,\"name\":\"Accueil\",\"item\":\"https:\\\/\\\/www.infomedia42.com\\\/orion\\\/\"},{\"@type\":\"ListItem\",\"position\":2,\"name\":\"L&rsquo;atelier Photo s&rsquo;ouvre aux smartphones\"}]},{\"@type\":\"WebSite\",\"@id\":\"https:\\\/\\\/www.infomedia42.com\\\/orion\\\/#website\",\"url\":\"https:\\\/\\\/www.infomedia42.com\\\/orion\\\/\",\"name\":\"InfoMedia-L&#039;informatique pour tous\",\"description\":\"Site de l&#039;association InfoMedia\",\"publisher\":{\"@id\":\"https:\\\/\\\/www.infomedia42.com\\\/orion\\\/#organization\"},\"potentialAction\":[{\"@type\":\"SearchAction\",\"target\":{\"@type\":\"EntryPoint\",\"urlTemplate\":\"https:\\\/\\\/www.infomedia42.com\\\/orion\\\/?s={search_term_string}\"},\"query-input\":{\"@type\":\"PropertyValueSpecification\",\"valueRequired\":true,\"valueName\":\"search_term_string\"}}],\"inLanguage\":\"fr-FR\"},{\"@type\":\"Organization\",\"@id\":\"https:\\\/\\\/www.infomedia42.com\\\/orion\\\/#organization\",\"name\":\"InfoMedia-L&#039;informatique pour tous\",\"url\":\"https:\\\/\\\/www.infomedia42.com\\\/orion\\\/\",\"logo\":{\"@type\":\"ImageObject\",\"inLanguage\":\"fr-FR\",\"@id\":\"https:\\\/\\\/www.infomedia42.com\\\/orion\\\/#\\\/schema\\\/logo\\\/image\\\/\",\"url\":\"https:\\\/\\\/www.infomedia42.com\\\/orion\\\/wp-content\\\/uploads\\\/2024\\\/01\\\/cropped-Logodyn3secondes.gif\",\"contentUrl\":\"https:\\\/\\\/www.infomedia42.com\\\/orion\\\/wp-content\\\/uploads\\\/2024\\\/01\\\/cropped-Logodyn3secondes.gif\",\"width\":290,\"height\":290,\"caption\":\"InfoMedia-L&#039;informatique pour tous\"},\"image\":{\"@id\":\"https:\\\/\\\/www.infomedia42.com\\\/orion\\\/#\\\/schema\\\/logo\\\/image\\\/\"}},{\"@type\":\"Person\",\"@id\":\"https:\\\/\\\/www.infomedia42.com\\\/orion\\\/#\\\/schema\\\/person\\\/1f76709e0e88ea2dfb8ee479990d4dd8\",\"name\":\"Herv\u00e9 NICOLAS\",\"image\":{\"@type\":\"ImageObject\",\"inLanguage\":\"fr-FR\",\"@id\":\"https:\\\/\\\/www.infomedia42.com\\\/orion\\\/wp-content\\\/uploads\\\/2022\\\/12\\\/herve-nicolas_avatar-62x80.jpg\",\"url\":\"https:\\\/\\\/www.infomedia42.com\\\/orion\\\/wp-content\\\/uploads\\\/2022\\\/12\\\/herve-nicolas_avatar-62x80.jpg\",\"contentUrl\":\"https:\\\/\\\/www.infomedia42.com\\\/orion\\\/wp-content\\\/uploads\\\/2022\\\/12\\\/herve-nicolas_avatar-62x80.jpg\",\"caption\":\"Herv\u00e9 NICOLAS\"},\"sameAs\":[\"http:\\\/\\\/www.infomedia42.com\\\/orion\"],\"url\":\"https:\\\/\\\/www.infomedia42.com\\\/orion\\\/author\\\/hn42\\\/\"}]}<\/script>\n<!-- \/ Yoast SEO plugin. -->","yoast_head_json":{"title":"L'atelier Photo s'ouvre aux smartphones - InfoMedia-L&#039;informatique pour tous","robots":{"index":"index","follow":"follow","max-snippet":"max-snippet:-1","max-image-preview":"max-image-preview:large","max-video-preview":"max-video-preview:-1"},"canonical":"https:\/\/www.infomedia42.com\/orion\/latelier-photo-souvre-aux-smartphones\/","og_locale":"fr_FR","og_type":"article","og_title":"L'atelier Photo s'ouvre aux smartphones - InfoMedia-L&#039;informatique pour tous","og_description":"L&rsquo;atelier photo a \u00e9t\u00e9 cr\u00e9\u00e9 il y a quelques ann\u00e9es pour que chacun puisse utiliser au mieux les nouvelles fonctionnalit\u00e9s arrivant sur les appareils photo num\u00e9riques. Ainsi, en allant au del\u00e0 des possibilit\u00e9s du \u00ab\u00a0mode automatique\u00a0\u00bb, en prenant le temps de r\u00e9gler et en apprenant l&rsquo;art de la composition d&rsquo;une photo, les membres de cet [&hellip;]","og_url":"https:\/\/www.infomedia42.com\/orion\/latelier-photo-souvre-aux-smartphones\/","og_site_name":"InfoMedia-L&#039;informatique pour tous","article_published_time":"2024-05-25T09:23:00+00:00","article_modified_time":"2024-06-13T10:11:24+00:00","og_image":[{"width":1024,"height":1024,"url":"https:\/\/www.infomedia42.com\/orion\/wp-content\/uploads\/2023\/11\/reflex-et-smartphone_9455604e-377b-4031-adc4-7ea2b3bdc253.jpg","type":"image\/jpeg"}],"author":"Herv\u00e9 NICOLAS","twitter_card":"summary_large_image","twitter_misc":{"\u00c9crit par":"Herv\u00e9 NICOLAS","Dur\u00e9e de lecture estim\u00e9e":"2 minutes"},"schema":{"@context":"https:\/\/schema.org","@graph":[{"@type":"Article","@id":"https:\/\/www.infomedia42.com\/orion\/latelier-photo-souvre-aux-smartphones\/#article","isPartOf":{"@id":"https:\/\/www.infomedia42.com\/orion\/latelier-photo-souvre-aux-smartphones\/"},"author":{"name":"Herv\u00e9 NICOLAS","@id":"https:\/\/www.infomedia42.com\/orion\/#\/schema\/person\/1f76709e0e88ea2dfb8ee479990d4dd8"},"headline":"L&rsquo;atelier Photo s&rsquo;ouvre aux smartphones","datePublished":"2024-05-25T09:23:00+00:00","dateModified":"2024-06-13T10:11:24+00:00","mainEntityOfPage":{"@id":"https:\/\/www.infomedia42.com\/orion\/latelier-photo-souvre-aux-smartphones\/"},"wordCount":180,"publisher":{"@id":"https:\/\/www.infomedia42.com\/orion\/#organization"},"image":{"@id":"https:\/\/www.infomedia42.com\/orion\/latelier-photo-souvre-aux-smartphones\/#primaryimage"},"thumbnailUrl":"https:\/\/www.infomedia42.com\/orion\/wp-content\/uploads\/2023\/11\/reflex-et-smartphone_9455604e-377b-4031-adc4-7ea2b3bdc253.jpg","articleSection":["Ateliers"],"inLanguage":"fr-FR"},{"@type":"WebPage","@id":"https:\/\/www.infomedia42.com\/orion\/latelier-photo-souvre-aux-smartphones\/","url":"https:\/\/www.infomedia42.com\/orion\/latelier-photo-souvre-aux-smartphones\/","name":"L'atelier Photo s'ouvre aux smartphones - InfoMedia-L&#039;informatique pour tous","isPartOf":{"@id":"https:\/\/www.infomedia42.com\/orion\/#website"},"primaryImageOfPage":{"@id":"https:\/\/www.infomedia42.com\/orion\/latelier-photo-souvre-aux-smartphones\/#primaryimage"},"image":{"@id":"https:\/\/www.infomedia42.com\/orion\/latelier-photo-souvre-aux-smartphones\/#primaryimage"},"thumbnailUrl":"https:\/\/www.infomedia42.com\/orion\/wp-content\/uploads\/2023\/11\/reflex-et-smartphone_9455604e-377b-4031-adc4-7ea2b3bdc253.jpg","datePublished":"2024-05-25T09:23:00+00:00","dateModified":"2024-06-13T10:11:24+00:00","breadcrumb":{"@id":"https:\/\/www.infomedia42.com\/orion\/latelier-photo-souvre-aux-smartphones\/#breadcrumb"},"inLanguage":"fr-FR","potentialAction":[{"@type":"ReadAction","target":["https:\/\/www.infomedia42.com\/orion\/latelier-photo-souvre-aux-smartphones\/"]}]},{"@type":"ImageObject","inLanguage":"fr-FR","@id":"https:\/\/www.infomedia42.com\/orion\/latelier-photo-souvre-aux-smartphones\/#primaryimage","url":"https:\/\/www.infomedia42.com\/orion\/wp-content\/uploads\/2023\/11\/reflex-et-smartphone_9455604e-377b-4031-adc4-7ea2b3bdc253.jpg","contentUrl":"https:\/\/www.infomedia42.com\/orion\/wp-content\/uploads\/2023\/11\/reflex-et-smartphone_9455604e-377b-4031-adc4-7ea2b3bdc253.jpg","width":1024,"height":1024},{"@type":"BreadcrumbList","@id":"https:\/\/www.infomedia42.com\/orion\/latelier-photo-souvre-aux-smartphones\/#breadcrumb","itemListElement":[{"@type":"ListItem","position":1,"name":"Accueil","item":"https:\/\/www.infomedia42.com\/orion\/"},{"@type":"ListItem","position":2,"name":"L&rsquo;atelier Photo s&rsquo;ouvre aux smartphones"}]},{"@type":"WebSite","@id":"https:\/\/www.infomedia42.com\/orion\/#website","url":"https:\/\/www.infomedia42.com\/orion\/","name":"InfoMedia-L&#039;informatique pour tous","description":"Site de l&#039;association InfoMedia","publisher":{"@id":"https:\/\/www.infomedia42.com\/orion\/#organization"},"potentialAction":[{"@type":"SearchAction","target":{"@type":"EntryPoint","urlTemplate":"https:\/\/www.infomedia42.com\/orion\/?s={search_term_string}"},"query-input":{"@type":"PropertyValueSpecification","valueRequired":true,"valueName":"search_term_string"}}],"inLanguage":"fr-FR"},{"@type":"Organization","@id":"https:\/\/www.infomedia42.com\/orion\/#organization","name":"InfoMedia-L&#039;informatique pour tous","url":"https:\/\/www.infomedia42.com\/orion\/","logo":{"@type":"ImageObject","inLanguage":"fr-FR","@id":"https:\/\/www.infomedia42.com\/orion\/#\/schema\/logo\/image\/","url":"https:\/\/www.infomedia42.com\/orion\/wp-content\/uploads\/2024\/01\/cropped-Logodyn3secondes.gif","contentUrl":"https:\/\/www.infomedia42.com\/orion\/wp-content\/uploads\/2024\/01\/cropped-Logodyn3secondes.gif","width":290,"height":290,"caption":"InfoMedia-L&#039;informatique pour tous"},"image":{"@id":"https:\/\/www.infomedia42.com\/orion\/#\/schema\/logo\/image\/"}},{"@type":"Person","@id":"https:\/\/www.infomedia42.com\/orion\/#\/schema\/person\/1f76709e0e88ea2dfb8ee479990d4dd8","name":"Herv\u00e9 NICOLAS","image":{"@type":"ImageObject","inLanguage":"fr-FR","@id":"https:\/\/www.infomedia42.com\/orion\/wp-content\/uploads\/2022\/12\/herve-nicolas_avatar-62x80.jpg","url":"https:\/\/www.infomedia42.com\/orion\/wp-content\/uploads\/2022\/12\/herve-nicolas_avatar-62x80.jpg","contentUrl":"https:\/\/www.infomedia42.com\/orion\/wp-content\/uploads\/2022\/12\/herve-nicolas_avatar-62x80.jpg","caption":"Herv\u00e9 NICOLAS"},"sameAs":["http:\/\/www.infomedia42.com\/orion"],"url":"https:\/\/www.infomedia42.com\/orion\/author\/hn42\/"}]}},"_links":{"self":[{"href":"https:\/\/www.infomedia42.com\/orion\/wp-json\/wp\/v2\/posts\/2926","targetHints":{"allow":["GET"]}}],"collection":[{"href":"https:\/\/www.infomedia42.com\/orion\/wp-json\/wp\/v2\/posts"}],"about":[{"href":"https:\/\/www.infomedia42.com\/orion\/wp-json\/wp\/v2\/types\/post"}],"author":[{"embeddable":true,"href":"https:\/\/www.infomedia42.com\/orion\/wp-json\/wp\/v2\/users\/1"}],"replies":[{"embeddable":true,"href":"https:\/\/www.infomedia42.com\/orion\/wp-json\/wp\/v2\/comments?post=2926"}],"version-history":[{"count":2,"href":"https:\/\/www.infomedia42.com\/orion\/wp-json\/wp\/v2\/posts\/2926\/revisions"}],"predecessor-version":[{"id":2929,"href":"https:\/\/www.infomedia42.com\/orion\/wp-json\/wp\/v2\/posts\/2926\/revisions\/2929"}],"wp:featuredmedia":[{"embeddable":true,"href":"https:\/\/www.infomedia42.com\/orion\/wp-json\/wp\/v2\/media\/2925"}],"wp:attachment":[{"href":"https:\/\/www.infomedia42.com\/orion\/wp-json\/wp\/v2\/media?parent=2926"}],"wp:term":[{"taxonomy":"category","embeddable":true,"href":"https:\/\/www.infomedia42.com\/orion\/wp-json\/wp\/v2\/categories?post=2926"},{"taxonomy":"post_tag","embeddable":true,"href":"https:\/\/www.infomedia42.com\/orion\/wp-json\/wp\/v2\/tags?post=2926"}],"curies":[{"name":"wp","href":"https:\/\/api.w.org\/{rel}","templated":true}]}}