{"id":4012,"date":"2025-10-19T09:25:41","date_gmt":"2025-10-19T07:25:41","guid":{"rendered":"https:\/\/www.infomedia42.com\/orion\/?p=4012"},"modified":"2025-10-21T10:08:10","modified_gmt":"2025-10-21T08:08:10","slug":"concours-photo-pour-tous","status":"publish","type":"post","link":"https:\/\/www.infomedia42.com\/orion\/concours-photo-pour-tous\/","title":{"rendered":"Un concours photo pour tous : participez ou venez \u00e0 l&rsquo;exposition !"},"content":{"rendered":"\n<p>Le club photo InfoMedia organise, en association avec l&rsquo;association \u00ab\u00a0Passion et Patrimoine\u00a0\u00bb de Saint Galmier,  un concours photo dans le cadre du festival d&rsquo;histoire de Montbrison tenu par la soci\u00e9t\u00e9 historique et arch\u00e9ologique de la Diana du 13 au 22 novembre 2025 sur le th\u00e8me \u00ab\u00a0l&rsquo;Homme, l&rsquo;Arbre et la For\u00eat\u00a0\u00bb<\/p>\n\n\n\n<p>Le th\u00e8me du concours est \u00ab\u00a0l&rsquo;Arbre et l&rsquo;Homme\u00a0\u00bb, et il est laiss\u00e9 libre cours \u00e0 l&rsquo;imagination des participants pour illustrer ce th\u00e8me.<\/p>\n\n\n\n<p>Tous les photographes amateurs peuvent concourir en envoyant avant le 10 novembre leur candidature comme indiqu\u00e9 dans le r\u00e8glement un peu plus bas.<\/p>\n\n\n\n<p>Vous \u00eates tous invit\u00e9s (concurrents ou simples spectateurs) \u00e0 visiter gratuitement l&rsquo;exposition lors de la journ\u00e9e de l&rsquo;arbre \u00e0 Saint Galmier <\/p>\n\n\n\n<h2 class=\"wp-block-heading\">Programme de la JOURNEE DE L\u2019ARBRE A SAINT-GALMIER &#8211; LE SAMEDI 22 NOVEMBRE<\/h2>\n\n\n\n<p>10h : Visite de l\u2019arboretum du Bois Barou.<br><br>11h : Remise des Prix du concours photo et inauguration de l\u2019exposition de photographies<br>dans&nbsp;<strong>la salle de La Roseraie de Saint-Galmier.<\/strong><\/p>\n\n\n\n<p>15h-17h : \u00e0 l\u2019hippodrome de Saint-Galmier (salle Longchamp) entr\u00e9e gratuite<br>Introduction de D Nourrisson : Nos arbres de ville : histoire et patrimoine.<br>Intervention de M. Staub, chef des Services Nature de Saint-Etienne M\u00e9tropole et<br>responsable du recensement des arbres remarquables de Saint-Galmier. D\u00e9bat anim\u00e9 par D.<br>Nourrisson, M. Staub et M. Paulet adjointe au Patrimoine de Saint-Galmier.<\/p>\n\n\n\n<h1 class=\"wp-block-heading\">Le r\u00e8glement du concours photo<\/h1>\n\n\n<style>\n    .ppv_container.de_69f2658265ef1 {\n        width: 100%;\n        height: 600px;\n        display: flex;\n        flex-direction: column;\n        position: relative;\n    }\n\n    @media (max-width: 991px) {\n        .ppv_container.de_69f2658265ef1 {\n            width: 100%;\n            height: 600px;\n        }\n    }\n\n    @media (max-width: 767px) {\n        .ppv_container.de_69f2658265ef1 {\n            width: 100%;\n            height: 600px;\n        }\n    }\n\n    .de_69f2658265ef1.document-preview {\n        width: 100%;\n        flex: 1;\n        display: flex;\n        flex-direction: column;\n    }\n\n    .de_69f2658265ef1iframe {\n        width: 100%;\n        height: 100%;\n        flex: 1;\n        border: none;\n    }\n\n    .ppv-loading {\n        width: inherit;\n        position: absolute;\n        top: 50%;\n        left: 0;\n        font-family: sans-serif;\n        color: #666;\n        z-index: 1;\n        display: flex;\n        justify-content: center;\n    }\n<\/style>\n<div class=\"ppv_container de_69f2658265ef1\">\n\n    <div class=\"ppv-toolbar\" style=\"justify-content: end\"><div class=\"ppv-toolbar-right\"><a class=\"s_pdf_download_link\" style=\"display: flex;\"  href=\"https:\/\/www.infomedia42.com\/orion\/wp-content\/uploads\/2025\/10\/Reglement-concours-photo-La-Diana-2025-15-septembre-2025.pdf\" download><button style=\"background: transparent; padding: 4px 10px; border-radius: 4px; border: 1px solid #cececf; color: #cececf; cursor: pointer;\" class=\"ppv_download_bttn ppv-direct-download\" data-behavior=\"download\" data-doc-id=\"4018\">Download<\/button><\/a><\/div><\/div>    <div class=\"ppv-loading\">PDF Loading...<\/div>\n    <div class=\"document-preview\" style=\"height: inherit; width: inherit;\">\n        <iframe style=\"width: 100%; height: 100%;\" src=\"\/\/docs.google.com\/gview?embedded=true&#038;url=https:\/\/www.infomedia42.com\/orion\/wp-content\/uploads\/2025\/10\/Reglement-concours-photo-La-Diana-2025-15-septembre-2025.pdf\" frameborder=\"0\"><\/iframe>\n    <\/div>\n    <\/div>\n\n\n\n\n\n<p>&lsquo;<\/p>\n\n\n\n<h1 class=\"wp-block-heading\">Le programme du festival de la DIANA<\/h1>\n\n\n<style>\n    .ppv_container.de_69f265826620f {\n        width: 100%;\n        height: 600px;\n        display: flex;\n        flex-direction: column;\n        position: relative;\n    }\n\n    @media (max-width: 991px) {\n        .ppv_container.de_69f265826620f {\n            width: 100%;\n            height: 600px;\n        }\n    }\n\n    @media (max-width: 767px) {\n        .ppv_container.de_69f265826620f {\n            width: 100%;\n            height: 600px;\n        }\n    }\n\n    .de_69f265826620f.document-preview {\n        width: 100%;\n        flex: 1;\n        display: flex;\n        flex-direction: column;\n    }\n\n    .de_69f265826620fiframe {\n        width: 100%;\n        height: 100%;\n        flex: 1;\n        border: none;\n    }\n\n    .ppv-loading {\n        width: inherit;\n        position: absolute;\n        top: 50%;\n        left: 0;\n        font-family: sans-serif;\n        color: #666;\n        z-index: 1;\n        display: flex;\n        justify-content: center;\n    }\n<\/style>\n<div class=\"ppv_container de_69f265826620f\">\n\n        <div class=\"ppv-loading\">PDF Loading...<\/div>\n    <div class=\"document-preview\" style=\"height: inherit; width: inherit;\">\n        <iframe style=\"width: 100%; height: 100%;\" src=\"\/\/docs.google.com\/gview?embedded=true&#038;url=https:\/\/www.infomedia42.com\/orion\/wp-content\/uploads\/2025\/10\/Programme_festival.pdf\" frameborder=\"0\"><\/iframe>\n    <\/div>\n    <\/div>\n\n\n\n\n\n<p><br><\/p>\n\n\n\n<p>La DIANA : <a href=\"https:\/\/www.ladiana.com\/\" target=\"_blank\" rel=\"noreferrer noopener\">https:\/\/www.ladiana.com\/<\/a><\/p>\n\n\n\n<p><\/p>\n","protected":false},"excerpt":{"rendered":"<p>Le club photo InfoMedia organise, en association avec l&rsquo;association \u00ab\u00a0Passion et Patrimoine\u00a0\u00bb de Saint Galmier, un concours photo dans le cadre du festival d&rsquo;histoire de Montbrison tenu par la soci\u00e9t\u00e9 historique et arch\u00e9ologique de la Diana du 13 au 22 novembre 2025 sur le th\u00e8me \u00ab\u00a0l&rsquo;Homme, l&rsquo;Arbre et la For\u00eat\u00a0\u00bb Le th\u00e8me du concours est [&hellip;]<\/p>\n","protected":false},"author":1,"featured_media":4029,"comment_status":"closed","ping_status":"closed","sticky":false,"template":"","format":"standard","meta":{"footnotes":"","_links_to":"","_links_to_target":""},"categories":[1],"tags":[],"class_list":{"0":"post-4012","1":"post","2":"type-post","3":"status-publish","4":"format-standard","5":"has-post-thumbnail","7":"category-non-classe","8":"czr-hentry"},"yoast_head":"<!-- This site is optimized with the Yoast SEO plugin v27.5 - https:\/\/yoast.com\/product\/yoast-seo-wordpress\/ -->\n<title>Un concours photo pour tous : participez ou venez \u00e0 l&#039;exposition ! - InfoMedia-L&#039;informatique pour tous<\/title>\n<meta name=\"robots\" content=\"index, follow, max-snippet:-1, max-image-preview:large, max-video-preview:-1\" \/>\n<link rel=\"canonical\" href=\"https:\/\/www.infomedia42.com\/orion\/concours-photo-pour-tous\/\" \/>\n<meta property=\"og:locale\" content=\"fr_FR\" \/>\n<meta property=\"og:type\" content=\"article\" \/>\n<meta property=\"og:title\" content=\"Un concours photo pour tous : participez ou venez \u00e0 l&#039;exposition ! - InfoMedia-L&#039;informatique pour tous\" \/>\n<meta property=\"og:description\" content=\"Le club photo InfoMedia organise, en association avec l&rsquo;association \u00ab\u00a0Passion et Patrimoine\u00a0\u00bb de Saint Galmier, un concours photo dans le cadre du festival d&rsquo;histoire de Montbrison tenu par la soci\u00e9t\u00e9 historique et arch\u00e9ologique de la Diana du 13 au 22 novembre 2025 sur le th\u00e8me \u00ab\u00a0l&rsquo;Homme, l&rsquo;Arbre et la For\u00eat\u00a0\u00bb Le th\u00e8me du concours est [&hellip;]\" \/>\n<meta property=\"og:url\" content=\"https:\/\/www.infomedia42.com\/orion\/concours-photo-pour-tous\/\" \/>\n<meta property=\"og:site_name\" content=\"InfoMedia-L&#039;informatique pour tous\" \/>\n<meta property=\"article:published_time\" content=\"2025-10-19T07:25:41+00:00\" \/>\n<meta property=\"article:modified_time\" content=\"2025-10-21T08:08:10+00:00\" \/>\n<meta property=\"og:image\" content=\"https:\/\/www.infomedia42.com\/orion\/wp-content\/uploads\/2025\/10\/Homme-arbre-foret.jpg\" \/>\n\t<meta property=\"og:image:width\" content=\"698\" \/>\n\t<meta property=\"og:image:height\" content=\"390\" \/>\n\t<meta property=\"og:image:type\" content=\"image\/jpeg\" \/>\n<meta name=\"author\" content=\"Herv\u00e9 NICOLAS\" \/>\n<meta name=\"twitter:card\" content=\"summary_large_image\" \/>\n<meta name=\"twitter:label1\" content=\"\u00c9crit par\" \/>\n\t<meta name=\"twitter:data1\" content=\"Herv\u00e9 NICOLAS\" \/>\n\t<meta name=\"twitter:label2\" content=\"Dur\u00e9e de lecture estim\u00e9e\" \/>\n\t<meta name=\"twitter:data2\" content=\"2 minutes\" \/>\n<script type=\"application\/ld+json\" class=\"yoast-schema-graph\">{\"@context\":\"https:\\\/\\\/schema.org\",\"@graph\":[{\"@type\":\"Article\",\"@id\":\"https:\\\/\\\/www.infomedia42.com\\\/orion\\\/concours-photo-pour-tous\\\/#article\",\"isPartOf\":{\"@id\":\"https:\\\/\\\/www.infomedia42.com\\\/orion\\\/concours-photo-pour-tous\\\/\"},\"author\":{\"name\":\"Herv\u00e9 NICOLAS\",\"@id\":\"https:\\\/\\\/www.infomedia42.com\\\/orion\\\/#\\\/schema\\\/person\\\/1f76709e0e88ea2dfb8ee479990d4dd8\"},\"headline\":\"Un concours photo pour tous : participez ou venez \u00e0 l&rsquo;exposition !\",\"datePublished\":\"2025-10-19T07:25:41+00:00\",\"dateModified\":\"2025-10-21T08:08:10+00:00\",\"mainEntityOfPage\":{\"@id\":\"https:\\\/\\\/www.infomedia42.com\\\/orion\\\/concours-photo-pour-tous\\\/\"},\"wordCount\":251,\"publisher\":{\"@id\":\"https:\\\/\\\/www.infomedia42.com\\\/orion\\\/#organization\"},\"image\":{\"@id\":\"https:\\\/\\\/www.infomedia42.com\\\/orion\\\/concours-photo-pour-tous\\\/#primaryimage\"},\"thumbnailUrl\":\"https:\\\/\\\/www.infomedia42.com\\\/orion\\\/wp-content\\\/uploads\\\/2025\\\/10\\\/Homme-arbre-foret.jpg\",\"inLanguage\":\"fr-FR\"},{\"@type\":\"WebPage\",\"@id\":\"https:\\\/\\\/www.infomedia42.com\\\/orion\\\/concours-photo-pour-tous\\\/\",\"url\":\"https:\\\/\\\/www.infomedia42.com\\\/orion\\\/concours-photo-pour-tous\\\/\",\"name\":\"Un concours photo pour tous : participez ou venez \u00e0 l'exposition ! - InfoMedia-L&#039;informatique pour tous\",\"isPartOf\":{\"@id\":\"https:\\\/\\\/www.infomedia42.com\\\/orion\\\/#website\"},\"primaryImageOfPage\":{\"@id\":\"https:\\\/\\\/www.infomedia42.com\\\/orion\\\/concours-photo-pour-tous\\\/#primaryimage\"},\"image\":{\"@id\":\"https:\\\/\\\/www.infomedia42.com\\\/orion\\\/concours-photo-pour-tous\\\/#primaryimage\"},\"thumbnailUrl\":\"https:\\\/\\\/www.infomedia42.com\\\/orion\\\/wp-content\\\/uploads\\\/2025\\\/10\\\/Homme-arbre-foret.jpg\",\"datePublished\":\"2025-10-19T07:25:41+00:00\",\"dateModified\":\"2025-10-21T08:08:10+00:00\",\"breadcrumb\":{\"@id\":\"https:\\\/\\\/www.infomedia42.com\\\/orion\\\/concours-photo-pour-tous\\\/#breadcrumb\"},\"inLanguage\":\"fr-FR\",\"potentialAction\":[{\"@type\":\"ReadAction\",\"target\":[\"https:\\\/\\\/www.infomedia42.com\\\/orion\\\/concours-photo-pour-tous\\\/\"]}]},{\"@type\":\"ImageObject\",\"inLanguage\":\"fr-FR\",\"@id\":\"https:\\\/\\\/www.infomedia42.com\\\/orion\\\/concours-photo-pour-tous\\\/#primaryimage\",\"url\":\"https:\\\/\\\/www.infomedia42.com\\\/orion\\\/wp-content\\\/uploads\\\/2025\\\/10\\\/Homme-arbre-foret.jpg\",\"contentUrl\":\"https:\\\/\\\/www.infomedia42.com\\\/orion\\\/wp-content\\\/uploads\\\/2025\\\/10\\\/Homme-arbre-foret.jpg\",\"width\":698,\"height\":390},{\"@type\":\"BreadcrumbList\",\"@id\":\"https:\\\/\\\/www.infomedia42.com\\\/orion\\\/concours-photo-pour-tous\\\/#breadcrumb\",\"itemListElement\":[{\"@type\":\"ListItem\",\"position\":1,\"name\":\"Accueil\",\"item\":\"https:\\\/\\\/www.infomedia42.com\\\/orion\\\/\"},{\"@type\":\"ListItem\",\"position\":2,\"name\":\"Un concours photo pour tous : participez ou venez \u00e0 l&rsquo;exposition !\"}]},{\"@type\":\"WebSite\",\"@id\":\"https:\\\/\\\/www.infomedia42.com\\\/orion\\\/#website\",\"url\":\"https:\\\/\\\/www.infomedia42.com\\\/orion\\\/\",\"name\":\"InfoMedia-L&#039;informatique pour tous\",\"description\":\"Site de l&#039;association InfoMedia\",\"publisher\":{\"@id\":\"https:\\\/\\\/www.infomedia42.com\\\/orion\\\/#organization\"},\"potentialAction\":[{\"@type\":\"SearchAction\",\"target\":{\"@type\":\"EntryPoint\",\"urlTemplate\":\"https:\\\/\\\/www.infomedia42.com\\\/orion\\\/?s={search_term_string}\"},\"query-input\":{\"@type\":\"PropertyValueSpecification\",\"valueRequired\":true,\"valueName\":\"search_term_string\"}}],\"inLanguage\":\"fr-FR\"},{\"@type\":\"Organization\",\"@id\":\"https:\\\/\\\/www.infomedia42.com\\\/orion\\\/#organization\",\"name\":\"InfoMedia-L&#039;informatique pour tous\",\"url\":\"https:\\\/\\\/www.infomedia42.com\\\/orion\\\/\",\"logo\":{\"@type\":\"ImageObject\",\"inLanguage\":\"fr-FR\",\"@id\":\"https:\\\/\\\/www.infomedia42.com\\\/orion\\\/#\\\/schema\\\/logo\\\/image\\\/\",\"url\":\"https:\\\/\\\/www.infomedia42.com\\\/orion\\\/wp-content\\\/uploads\\\/2024\\\/01\\\/cropped-Logodyn3secondes.gif\",\"contentUrl\":\"https:\\\/\\\/www.infomedia42.com\\\/orion\\\/wp-content\\\/uploads\\\/2024\\\/01\\\/cropped-Logodyn3secondes.gif\",\"width\":290,\"height\":290,\"caption\":\"InfoMedia-L&#039;informatique pour tous\"},\"image\":{\"@id\":\"https:\\\/\\\/www.infomedia42.com\\\/orion\\\/#\\\/schema\\\/logo\\\/image\\\/\"}},{\"@type\":\"Person\",\"@id\":\"https:\\\/\\\/www.infomedia42.com\\\/orion\\\/#\\\/schema\\\/person\\\/1f76709e0e88ea2dfb8ee479990d4dd8\",\"name\":\"Herv\u00e9 NICOLAS\",\"image\":{\"@type\":\"ImageObject\",\"inLanguage\":\"fr-FR\",\"@id\":\"https:\\\/\\\/www.infomedia42.com\\\/orion\\\/wp-content\\\/uploads\\\/2022\\\/12\\\/herve-nicolas_avatar-62x80.jpg\",\"url\":\"https:\\\/\\\/www.infomedia42.com\\\/orion\\\/wp-content\\\/uploads\\\/2022\\\/12\\\/herve-nicolas_avatar-62x80.jpg\",\"contentUrl\":\"https:\\\/\\\/www.infomedia42.com\\\/orion\\\/wp-content\\\/uploads\\\/2022\\\/12\\\/herve-nicolas_avatar-62x80.jpg\",\"caption\":\"Herv\u00e9 NICOLAS\"},\"sameAs\":[\"http:\\\/\\\/www.infomedia42.com\\\/orion\"],\"url\":\"https:\\\/\\\/www.infomedia42.com\\\/orion\\\/author\\\/hn42\\\/\"}]}<\/script>\n<!-- \/ Yoast SEO plugin. -->","yoast_head_json":{"title":"Un concours photo pour tous : participez ou venez \u00e0 l'exposition ! - InfoMedia-L&#039;informatique pour tous","robots":{"index":"index","follow":"follow","max-snippet":"max-snippet:-1","max-image-preview":"max-image-preview:large","max-video-preview":"max-video-preview:-1"},"canonical":"https:\/\/www.infomedia42.com\/orion\/concours-photo-pour-tous\/","og_locale":"fr_FR","og_type":"article","og_title":"Un concours photo pour tous : participez ou venez \u00e0 l'exposition ! - InfoMedia-L&#039;informatique pour tous","og_description":"Le club photo InfoMedia organise, en association avec l&rsquo;association \u00ab\u00a0Passion et Patrimoine\u00a0\u00bb de Saint Galmier, un concours photo dans le cadre du festival d&rsquo;histoire de Montbrison tenu par la soci\u00e9t\u00e9 historique et arch\u00e9ologique de la Diana du 13 au 22 novembre 2025 sur le th\u00e8me \u00ab\u00a0l&rsquo;Homme, l&rsquo;Arbre et la For\u00eat\u00a0\u00bb Le th\u00e8me du concours est [&hellip;]","og_url":"https:\/\/www.infomedia42.com\/orion\/concours-photo-pour-tous\/","og_site_name":"InfoMedia-L&#039;informatique pour tous","article_published_time":"2025-10-19T07:25:41+00:00","article_modified_time":"2025-10-21T08:08:10+00:00","og_image":[{"width":698,"height":390,"url":"https:\/\/www.infomedia42.com\/orion\/wp-content\/uploads\/2025\/10\/Homme-arbre-foret.jpg","type":"image\/jpeg"}],"author":"Herv\u00e9 NICOLAS","twitter_card":"summary_large_image","twitter_misc":{"\u00c9crit par":"Herv\u00e9 NICOLAS","Dur\u00e9e de lecture estim\u00e9e":"2 minutes"},"schema":{"@context":"https:\/\/schema.org","@graph":[{"@type":"Article","@id":"https:\/\/www.infomedia42.com\/orion\/concours-photo-pour-tous\/#article","isPartOf":{"@id":"https:\/\/www.infomedia42.com\/orion\/concours-photo-pour-tous\/"},"author":{"name":"Herv\u00e9 NICOLAS","@id":"https:\/\/www.infomedia42.com\/orion\/#\/schema\/person\/1f76709e0e88ea2dfb8ee479990d4dd8"},"headline":"Un concours photo pour tous : participez ou venez \u00e0 l&rsquo;exposition !","datePublished":"2025-10-19T07:25:41+00:00","dateModified":"2025-10-21T08:08:10+00:00","mainEntityOfPage":{"@id":"https:\/\/www.infomedia42.com\/orion\/concours-photo-pour-tous\/"},"wordCount":251,"publisher":{"@id":"https:\/\/www.infomedia42.com\/orion\/#organization"},"image":{"@id":"https:\/\/www.infomedia42.com\/orion\/concours-photo-pour-tous\/#primaryimage"},"thumbnailUrl":"https:\/\/www.infomedia42.com\/orion\/wp-content\/uploads\/2025\/10\/Homme-arbre-foret.jpg","inLanguage":"fr-FR"},{"@type":"WebPage","@id":"https:\/\/www.infomedia42.com\/orion\/concours-photo-pour-tous\/","url":"https:\/\/www.infomedia42.com\/orion\/concours-photo-pour-tous\/","name":"Un concours photo pour tous : participez ou venez \u00e0 l'exposition ! - InfoMedia-L&#039;informatique pour tous","isPartOf":{"@id":"https:\/\/www.infomedia42.com\/orion\/#website"},"primaryImageOfPage":{"@id":"https:\/\/www.infomedia42.com\/orion\/concours-photo-pour-tous\/#primaryimage"},"image":{"@id":"https:\/\/www.infomedia42.com\/orion\/concours-photo-pour-tous\/#primaryimage"},"thumbnailUrl":"https:\/\/www.infomedia42.com\/orion\/wp-content\/uploads\/2025\/10\/Homme-arbre-foret.jpg","datePublished":"2025-10-19T07:25:41+00:00","dateModified":"2025-10-21T08:08:10+00:00","breadcrumb":{"@id":"https:\/\/www.infomedia42.com\/orion\/concours-photo-pour-tous\/#breadcrumb"},"inLanguage":"fr-FR","potentialAction":[{"@type":"ReadAction","target":["https:\/\/www.infomedia42.com\/orion\/concours-photo-pour-tous\/"]}]},{"@type":"ImageObject","inLanguage":"fr-FR","@id":"https:\/\/www.infomedia42.com\/orion\/concours-photo-pour-tous\/#primaryimage","url":"https:\/\/www.infomedia42.com\/orion\/wp-content\/uploads\/2025\/10\/Homme-arbre-foret.jpg","contentUrl":"https:\/\/www.infomedia42.com\/orion\/wp-content\/uploads\/2025\/10\/Homme-arbre-foret.jpg","width":698,"height":390},{"@type":"BreadcrumbList","@id":"https:\/\/www.infomedia42.com\/orion\/concours-photo-pour-tous\/#breadcrumb","itemListElement":[{"@type":"ListItem","position":1,"name":"Accueil","item":"https:\/\/www.infomedia42.com\/orion\/"},{"@type":"ListItem","position":2,"name":"Un concours photo pour tous : participez ou venez \u00e0 l&rsquo;exposition !"}]},{"@type":"WebSite","@id":"https:\/\/www.infomedia42.com\/orion\/#website","url":"https:\/\/www.infomedia42.com\/orion\/","name":"InfoMedia-L&#039;informatique pour tous","description":"Site de l&#039;association InfoMedia","publisher":{"@id":"https:\/\/www.infomedia42.com\/orion\/#organization"},"potentialAction":[{"@type":"SearchAction","target":{"@type":"EntryPoint","urlTemplate":"https:\/\/www.infomedia42.com\/orion\/?s={search_term_string}"},"query-input":{"@type":"PropertyValueSpecification","valueRequired":true,"valueName":"search_term_string"}}],"inLanguage":"fr-FR"},{"@type":"Organization","@id":"https:\/\/www.infomedia42.com\/orion\/#organization","name":"InfoMedia-L&#039;informatique pour tous","url":"https:\/\/www.infomedia42.com\/orion\/","logo":{"@type":"ImageObject","inLanguage":"fr-FR","@id":"https:\/\/www.infomedia42.com\/orion\/#\/schema\/logo\/image\/","url":"https:\/\/www.infomedia42.com\/orion\/wp-content\/uploads\/2024\/01\/cropped-Logodyn3secondes.gif","contentUrl":"https:\/\/www.infomedia42.com\/orion\/wp-content\/uploads\/2024\/01\/cropped-Logodyn3secondes.gif","width":290,"height":290,"caption":"InfoMedia-L&#039;informatique pour tous"},"image":{"@id":"https:\/\/www.infomedia42.com\/orion\/#\/schema\/logo\/image\/"}},{"@type":"Person","@id":"https:\/\/www.infomedia42.com\/orion\/#\/schema\/person\/1f76709e0e88ea2dfb8ee479990d4dd8","name":"Herv\u00e9 NICOLAS","image":{"@type":"ImageObject","inLanguage":"fr-FR","@id":"https:\/\/www.infomedia42.com\/orion\/wp-content\/uploads\/2022\/12\/herve-nicolas_avatar-62x80.jpg","url":"https:\/\/www.infomedia42.com\/orion\/wp-content\/uploads\/2022\/12\/herve-nicolas_avatar-62x80.jpg","contentUrl":"https:\/\/www.infomedia42.com\/orion\/wp-content\/uploads\/2022\/12\/herve-nicolas_avatar-62x80.jpg","caption":"Herv\u00e9 NICOLAS"},"sameAs":["http:\/\/www.infomedia42.com\/orion"],"url":"https:\/\/www.infomedia42.com\/orion\/author\/hn42\/"}]}},"_links":{"self":[{"href":"https:\/\/www.infomedia42.com\/orion\/wp-json\/wp\/v2\/posts\/4012","targetHints":{"allow":["GET"]}}],"collection":[{"href":"https:\/\/www.infomedia42.com\/orion\/wp-json\/wp\/v2\/posts"}],"about":[{"href":"https:\/\/www.infomedia42.com\/orion\/wp-json\/wp\/v2\/types\/post"}],"author":[{"embeddable":true,"href":"https:\/\/www.infomedia42.com\/orion\/wp-json\/wp\/v2\/users\/1"}],"replies":[{"embeddable":true,"href":"https:\/\/www.infomedia42.com\/orion\/wp-json\/wp\/v2\/comments?post=4012"}],"version-history":[{"count":7,"href":"https:\/\/www.infomedia42.com\/orion\/wp-json\/wp\/v2\/posts\/4012\/revisions"}],"predecessor-version":[{"id":4026,"href":"https:\/\/www.infomedia42.com\/orion\/wp-json\/wp\/v2\/posts\/4012\/revisions\/4026"}],"wp:featuredmedia":[{"embeddable":true,"href":"https:\/\/www.infomedia42.com\/orion\/wp-json\/wp\/v2\/media\/4029"}],"wp:attachment":[{"href":"https:\/\/www.infomedia42.com\/orion\/wp-json\/wp\/v2\/media?parent=4012"}],"wp:term":[{"taxonomy":"category","embeddable":true,"href":"https:\/\/www.infomedia42.com\/orion\/wp-json\/wp\/v2\/categories?post=4012"},{"taxonomy":"post_tag","embeddable":true,"href":"https:\/\/www.infomedia42.com\/orion\/wp-json\/wp\/v2\/tags?post=4012"}],"curies":[{"name":"wp","href":"https:\/\/api.w.org\/{rel}","templated":true}]}}