{"id":4350,"date":"2026-02-17T11:10:46","date_gmt":"2026-02-17T10:10:46","guid":{"rendered":"https:\/\/www.infomedia42.com\/orion\/?p=4350"},"modified":"2026-02-26T18:32:51","modified_gmt":"2026-02-26T17:32:51","slug":"quel-avenir-pour-mon-vieux-pc-non-eligible-a-w11","status":"publish","type":"post","link":"https:\/\/www.infomedia42.com\/orion\/quel-avenir-pour-mon-vieux-pc-non-eligible-a-w11\/","title":{"rendered":"Le 9 mars, conf\u00e9rence : Quel avenir pour mon PC non-\u00e9ligible \u00e0 Windows 11 ?"},"content":{"rendered":"\n<h2 class=\"wp-block-heading\">Le probl\u00e8me<\/h2>\n\n\n\n<p>Microsoft a cess\u00e9 le 14 octobre 2025 l&rsquo;envoi syst\u00e9matique de correctifs de s\u00e9curit\u00e9 gratuits pour le syst\u00e8me d&rsquo;exploitation Windows 10.<br>Pour recevoir encore des correctifs jusqu&rsquo;au 13 octobre 2026, les utilisateurs de Windows 10 devront ouvrir et utiliser un \u00ab\u00a0compte Microsoft\u00a0\u00bb.<br>Apr\u00e8s le 13 octobre 2026, Microsoft nous engage \u00e0 passer \u00e0 Windows 11, mais de nombreuses machines n&rsquo;ont pas les caract\u00e9ristiques techniques suffisantes pour accueillir cette nouvelle mouture de Windows : que faire ?<\/p>\n\n\n\n<p>Cette probl\u00e9matique a d\u00e9j\u00e0 \u00e9t\u00e9 \u00e9voqu\u00e9e ici m\u00eame , cliquez sur le lien ci dessous pour relire notre article dans un nouvel onglet :<\/p>\n\n\n\n<p><a href=\"https:\/\/www.infomedia42.com\/orion\/windows-10-pas-de-panique\/\" target=\"_blank\" rel=\"noreferrer noopener\">https:\/\/www.infomedia42.com\/orion\/windows-10-pas-de-panique\/<\/a><\/p>\n\n\n\n<h2 class=\"wp-block-heading\">Pour vous aider, une conf\u00e9rence gratuite pour tous (adh\u00e9rents ou pas) le lundi 9 mars 2026 \u00e0 20h<\/h2>\n\n\n\n<p>Nous montrerons les actions \u00e0 court terme pour assurer la s\u00e9curit\u00e9 jusqu&rsquo;au 13 octobre 2026.<\/p>\n\n\n\n<p>Nous listerons et montrerons les options pour l&rsquo;apr\u00e8s Windows 10.<\/p>\n\n\n\n<h3 class=\"wp-block-heading\">En cliquant sur le lien ci-dessous, vous acc\u00e8derez au formulaire COOGLE Forms pour vous inscrire :<\/h3>\n\n\n\n<p><a href=\"https:\/\/forms.gle\/t8Y4nDz4mwYTS8vT7\" target=\"_blank\" rel=\"noreferrer noopener\">https:\/\/forms.gle\/t8Y4nDz4mwYTS8vT7<\/a><\/p>\n\n\n\n<p><strong>Ne tardez pas, le nombre d&rsquo;inscrits sera limit\u00e9 \u00e0 une vingtaine de personnes<\/strong>, et ne soyez pas \u00e9tonn\u00e9s de devoir prouver \u00e0 la machine que vous \u00eates bien un humain (GOOGLE vous demandera de r\u00e9soudre une petite \u00e9nigme) !<\/p>\n\n\n\n<p>A bient\u00f4t !<\/p>\n\n\n\n<p><\/p>\n","protected":false},"excerpt":{"rendered":"<p>Le probl\u00e8me Microsoft a cess\u00e9 le 14 octobre 2025 l&rsquo;envoi syst\u00e9matique de correctifs de s\u00e9curit\u00e9 gratuits pour le syst\u00e8me d&rsquo;exploitation Windows 10.Pour recevoir encore des correctifs jusqu&rsquo;au 13 octobre 2026, les utilisateurs de Windows 10 devront ouvrir et utiliser un \u00ab\u00a0compte Microsoft\u00a0\u00bb.Apr\u00e8s le 13 octobre 2026, Microsoft nous engage \u00e0 passer \u00e0 Windows 11, mais [&hellip;]<\/p>\n","protected":false},"author":1,"featured_media":4420,"comment_status":"closed","ping_status":"closed","sticky":false,"template":"","format":"standard","meta":{"footnotes":"","_links_to":"","_links_to_target":""},"categories":[1],"tags":[],"class_list":{"0":"post-4350","1":"post","2":"type-post","3":"status-publish","4":"format-standard","5":"has-post-thumbnail","7":"category-non-classe","8":"czr-hentry"},"yoast_head":"<!-- This site is optimized with the Yoast SEO plugin v27.5 - https:\/\/yoast.com\/product\/yoast-seo-wordpress\/ -->\n<title>Le 9 mars, conf\u00e9rence : Quel avenir pour mon PC non-\u00e9ligible \u00e0 Windows 11 ? - InfoMedia-L&#039;informatique pour tous<\/title>\n<meta name=\"robots\" content=\"index, follow, max-snippet:-1, max-image-preview:large, max-video-preview:-1\" \/>\n<link rel=\"canonical\" href=\"https:\/\/www.infomedia42.com\/orion\/quel-avenir-pour-mon-vieux-pc-non-eligible-a-w11\/\" \/>\n<meta property=\"og:locale\" content=\"fr_FR\" \/>\n<meta property=\"og:type\" content=\"article\" \/>\n<meta property=\"og:title\" content=\"Le 9 mars, conf\u00e9rence : Quel avenir pour mon PC non-\u00e9ligible \u00e0 Windows 11 ? - InfoMedia-L&#039;informatique pour tous\" \/>\n<meta property=\"og:description\" content=\"Le probl\u00e8me Microsoft a cess\u00e9 le 14 octobre 2025 l&rsquo;envoi syst\u00e9matique de correctifs de s\u00e9curit\u00e9 gratuits pour le syst\u00e8me d&rsquo;exploitation Windows 10.Pour recevoir encore des correctifs jusqu&rsquo;au 13 octobre 2026, les utilisateurs de Windows 10 devront ouvrir et utiliser un \u00ab\u00a0compte Microsoft\u00a0\u00bb.Apr\u00e8s le 13 octobre 2026, Microsoft nous engage \u00e0 passer \u00e0 Windows 11, mais [&hellip;]\" \/>\n<meta property=\"og:url\" content=\"https:\/\/www.infomedia42.com\/orion\/quel-avenir-pour-mon-vieux-pc-non-eligible-a-w11\/\" \/>\n<meta property=\"og:site_name\" content=\"InfoMedia-L&#039;informatique pour tous\" \/>\n<meta property=\"article:published_time\" content=\"2026-02-17T10:10:46+00:00\" \/>\n<meta property=\"article:modified_time\" content=\"2026-02-26T17:32:51+00:00\" \/>\n<meta property=\"og:image\" content=\"https:\/\/www.infomedia42.com\/orion\/wp-content\/uploads\/2025\/12\/Zen2-1024x683.png\" \/>\n\t<meta property=\"og:image:width\" content=\"1024\" \/>\n\t<meta property=\"og:image:height\" content=\"683\" \/>\n\t<meta property=\"og:image:type\" content=\"image\/png\" \/>\n<meta name=\"author\" content=\"Herv\u00e9 NICOLAS\" \/>\n<meta name=\"twitter:card\" content=\"summary_large_image\" \/>\n<meta name=\"twitter:label1\" content=\"\u00c9crit par\" \/>\n\t<meta name=\"twitter:data1\" content=\"Herv\u00e9 NICOLAS\" \/>\n\t<meta name=\"twitter:label2\" content=\"Dur\u00e9e de lecture estim\u00e9e\" \/>\n\t<meta name=\"twitter:data2\" content=\"2 minutes\" \/>\n<script type=\"application\/ld+json\" class=\"yoast-schema-graph\">{\"@context\":\"https:\\\/\\\/schema.org\",\"@graph\":[{\"@type\":\"Article\",\"@id\":\"https:\\\/\\\/www.infomedia42.com\\\/orion\\\/quel-avenir-pour-mon-vieux-pc-non-eligible-a-w11\\\/#article\",\"isPartOf\":{\"@id\":\"https:\\\/\\\/www.infomedia42.com\\\/orion\\\/quel-avenir-pour-mon-vieux-pc-non-eligible-a-w11\\\/\"},\"author\":{\"name\":\"Herv\u00e9 NICOLAS\",\"@id\":\"https:\\\/\\\/www.infomedia42.com\\\/orion\\\/#\\\/schema\\\/person\\\/1f76709e0e88ea2dfb8ee479990d4dd8\"},\"headline\":\"Le 9 mars, conf\u00e9rence : Quel avenir pour mon PC non-\u00e9ligible \u00e0 Windows 11 ?\",\"datePublished\":\"2026-02-17T10:10:46+00:00\",\"dateModified\":\"2026-02-26T17:32:51+00:00\",\"mainEntityOfPage\":{\"@id\":\"https:\\\/\\\/www.infomedia42.com\\\/orion\\\/quel-avenir-pour-mon-vieux-pc-non-eligible-a-w11\\\/\"},\"wordCount\":220,\"publisher\":{\"@id\":\"https:\\\/\\\/www.infomedia42.com\\\/orion\\\/#organization\"},\"image\":{\"@id\":\"https:\\\/\\\/www.infomedia42.com\\\/orion\\\/quel-avenir-pour-mon-vieux-pc-non-eligible-a-w11\\\/#primaryimage\"},\"thumbnailUrl\":\"https:\\\/\\\/www.infomedia42.com\\\/orion\\\/wp-content\\\/uploads\\\/2025\\\/12\\\/Zen2.png\",\"inLanguage\":\"fr-FR\"},{\"@type\":\"WebPage\",\"@id\":\"https:\\\/\\\/www.infomedia42.com\\\/orion\\\/quel-avenir-pour-mon-vieux-pc-non-eligible-a-w11\\\/\",\"url\":\"https:\\\/\\\/www.infomedia42.com\\\/orion\\\/quel-avenir-pour-mon-vieux-pc-non-eligible-a-w11\\\/\",\"name\":\"Le 9 mars, conf\u00e9rence : Quel avenir pour mon PC non-\u00e9ligible \u00e0 Windows 11 ? - InfoMedia-L&#039;informatique pour tous\",\"isPartOf\":{\"@id\":\"https:\\\/\\\/www.infomedia42.com\\\/orion\\\/#website\"},\"primaryImageOfPage\":{\"@id\":\"https:\\\/\\\/www.infomedia42.com\\\/orion\\\/quel-avenir-pour-mon-vieux-pc-non-eligible-a-w11\\\/#primaryimage\"},\"image\":{\"@id\":\"https:\\\/\\\/www.infomedia42.com\\\/orion\\\/quel-avenir-pour-mon-vieux-pc-non-eligible-a-w11\\\/#primaryimage\"},\"thumbnailUrl\":\"https:\\\/\\\/www.infomedia42.com\\\/orion\\\/wp-content\\\/uploads\\\/2025\\\/12\\\/Zen2.png\",\"datePublished\":\"2026-02-17T10:10:46+00:00\",\"dateModified\":\"2026-02-26T17:32:51+00:00\",\"breadcrumb\":{\"@id\":\"https:\\\/\\\/www.infomedia42.com\\\/orion\\\/quel-avenir-pour-mon-vieux-pc-non-eligible-a-w11\\\/#breadcrumb\"},\"inLanguage\":\"fr-FR\",\"potentialAction\":[{\"@type\":\"ReadAction\",\"target\":[\"https:\\\/\\\/www.infomedia42.com\\\/orion\\\/quel-avenir-pour-mon-vieux-pc-non-eligible-a-w11\\\/\"]}]},{\"@type\":\"ImageObject\",\"inLanguage\":\"fr-FR\",\"@id\":\"https:\\\/\\\/www.infomedia42.com\\\/orion\\\/quel-avenir-pour-mon-vieux-pc-non-eligible-a-w11\\\/#primaryimage\",\"url\":\"https:\\\/\\\/www.infomedia42.com\\\/orion\\\/wp-content\\\/uploads\\\/2025\\\/12\\\/Zen2.png\",\"contentUrl\":\"https:\\\/\\\/www.infomedia42.com\\\/orion\\\/wp-content\\\/uploads\\\/2025\\\/12\\\/Zen2.png\",\"width\":1536,\"height\":1024},{\"@type\":\"BreadcrumbList\",\"@id\":\"https:\\\/\\\/www.infomedia42.com\\\/orion\\\/quel-avenir-pour-mon-vieux-pc-non-eligible-a-w11\\\/#breadcrumb\",\"itemListElement\":[{\"@type\":\"ListItem\",\"position\":1,\"name\":\"Accueil\",\"item\":\"https:\\\/\\\/www.infomedia42.com\\\/orion\\\/\"},{\"@type\":\"ListItem\",\"position\":2,\"name\":\"Le 9 mars, conf\u00e9rence : Quel avenir pour mon PC non-\u00e9ligible \u00e0 Windows 11 ?\"}]},{\"@type\":\"WebSite\",\"@id\":\"https:\\\/\\\/www.infomedia42.com\\\/orion\\\/#website\",\"url\":\"https:\\\/\\\/www.infomedia42.com\\\/orion\\\/\",\"name\":\"InfoMedia-L&#039;informatique pour tous\",\"description\":\"Site de l&#039;association InfoMedia\",\"publisher\":{\"@id\":\"https:\\\/\\\/www.infomedia42.com\\\/orion\\\/#organization\"},\"potentialAction\":[{\"@type\":\"SearchAction\",\"target\":{\"@type\":\"EntryPoint\",\"urlTemplate\":\"https:\\\/\\\/www.infomedia42.com\\\/orion\\\/?s={search_term_string}\"},\"query-input\":{\"@type\":\"PropertyValueSpecification\",\"valueRequired\":true,\"valueName\":\"search_term_string\"}}],\"inLanguage\":\"fr-FR\"},{\"@type\":\"Organization\",\"@id\":\"https:\\\/\\\/www.infomedia42.com\\\/orion\\\/#organization\",\"name\":\"InfoMedia-L&#039;informatique pour tous\",\"url\":\"https:\\\/\\\/www.infomedia42.com\\\/orion\\\/\",\"logo\":{\"@type\":\"ImageObject\",\"inLanguage\":\"fr-FR\",\"@id\":\"https:\\\/\\\/www.infomedia42.com\\\/orion\\\/#\\\/schema\\\/logo\\\/image\\\/\",\"url\":\"https:\\\/\\\/www.infomedia42.com\\\/orion\\\/wp-content\\\/uploads\\\/2024\\\/01\\\/cropped-Logodyn3secondes.gif\",\"contentUrl\":\"https:\\\/\\\/www.infomedia42.com\\\/orion\\\/wp-content\\\/uploads\\\/2024\\\/01\\\/cropped-Logodyn3secondes.gif\",\"width\":290,\"height\":290,\"caption\":\"InfoMedia-L&#039;informatique pour tous\"},\"image\":{\"@id\":\"https:\\\/\\\/www.infomedia42.com\\\/orion\\\/#\\\/schema\\\/logo\\\/image\\\/\"}},{\"@type\":\"Person\",\"@id\":\"https:\\\/\\\/www.infomedia42.com\\\/orion\\\/#\\\/schema\\\/person\\\/1f76709e0e88ea2dfb8ee479990d4dd8\",\"name\":\"Herv\u00e9 NICOLAS\",\"image\":{\"@type\":\"ImageObject\",\"inLanguage\":\"fr-FR\",\"@id\":\"https:\\\/\\\/www.infomedia42.com\\\/orion\\\/wp-content\\\/uploads\\\/2022\\\/12\\\/herve-nicolas_avatar-62x80.jpg\",\"url\":\"https:\\\/\\\/www.infomedia42.com\\\/orion\\\/wp-content\\\/uploads\\\/2022\\\/12\\\/herve-nicolas_avatar-62x80.jpg\",\"contentUrl\":\"https:\\\/\\\/www.infomedia42.com\\\/orion\\\/wp-content\\\/uploads\\\/2022\\\/12\\\/herve-nicolas_avatar-62x80.jpg\",\"caption\":\"Herv\u00e9 NICOLAS\"},\"sameAs\":[\"http:\\\/\\\/www.infomedia42.com\\\/orion\"],\"url\":\"https:\\\/\\\/www.infomedia42.com\\\/orion\\\/author\\\/hn42\\\/\"}]}<\/script>\n<!-- \/ Yoast SEO plugin. -->","yoast_head_json":{"title":"Le 9 mars, conf\u00e9rence : Quel avenir pour mon PC non-\u00e9ligible \u00e0 Windows 11 ? - InfoMedia-L&#039;informatique pour tous","robots":{"index":"index","follow":"follow","max-snippet":"max-snippet:-1","max-image-preview":"max-image-preview:large","max-video-preview":"max-video-preview:-1"},"canonical":"https:\/\/www.infomedia42.com\/orion\/quel-avenir-pour-mon-vieux-pc-non-eligible-a-w11\/","og_locale":"fr_FR","og_type":"article","og_title":"Le 9 mars, conf\u00e9rence : Quel avenir pour mon PC non-\u00e9ligible \u00e0 Windows 11 ? - InfoMedia-L&#039;informatique pour tous","og_description":"Le probl\u00e8me Microsoft a cess\u00e9 le 14 octobre 2025 l&rsquo;envoi syst\u00e9matique de correctifs de s\u00e9curit\u00e9 gratuits pour le syst\u00e8me d&rsquo;exploitation Windows 10.Pour recevoir encore des correctifs jusqu&rsquo;au 13 octobre 2026, les utilisateurs de Windows 10 devront ouvrir et utiliser un \u00ab\u00a0compte Microsoft\u00a0\u00bb.Apr\u00e8s le 13 octobre 2026, Microsoft nous engage \u00e0 passer \u00e0 Windows 11, mais [&hellip;]","og_url":"https:\/\/www.infomedia42.com\/orion\/quel-avenir-pour-mon-vieux-pc-non-eligible-a-w11\/","og_site_name":"InfoMedia-L&#039;informatique pour tous","article_published_time":"2026-02-17T10:10:46+00:00","article_modified_time":"2026-02-26T17:32:51+00:00","og_image":[{"width":1024,"height":683,"url":"https:\/\/www.infomedia42.com\/orion\/wp-content\/uploads\/2025\/12\/Zen2-1024x683.png","type":"image\/png"}],"author":"Herv\u00e9 NICOLAS","twitter_card":"summary_large_image","twitter_misc":{"\u00c9crit par":"Herv\u00e9 NICOLAS","Dur\u00e9e de lecture estim\u00e9e":"2 minutes"},"schema":{"@context":"https:\/\/schema.org","@graph":[{"@type":"Article","@id":"https:\/\/www.infomedia42.com\/orion\/quel-avenir-pour-mon-vieux-pc-non-eligible-a-w11\/#article","isPartOf":{"@id":"https:\/\/www.infomedia42.com\/orion\/quel-avenir-pour-mon-vieux-pc-non-eligible-a-w11\/"},"author":{"name":"Herv\u00e9 NICOLAS","@id":"https:\/\/www.infomedia42.com\/orion\/#\/schema\/person\/1f76709e0e88ea2dfb8ee479990d4dd8"},"headline":"Le 9 mars, conf\u00e9rence : Quel avenir pour mon PC non-\u00e9ligible \u00e0 Windows 11 ?","datePublished":"2026-02-17T10:10:46+00:00","dateModified":"2026-02-26T17:32:51+00:00","mainEntityOfPage":{"@id":"https:\/\/www.infomedia42.com\/orion\/quel-avenir-pour-mon-vieux-pc-non-eligible-a-w11\/"},"wordCount":220,"publisher":{"@id":"https:\/\/www.infomedia42.com\/orion\/#organization"},"image":{"@id":"https:\/\/www.infomedia42.com\/orion\/quel-avenir-pour-mon-vieux-pc-non-eligible-a-w11\/#primaryimage"},"thumbnailUrl":"https:\/\/www.infomedia42.com\/orion\/wp-content\/uploads\/2025\/12\/Zen2.png","inLanguage":"fr-FR"},{"@type":"WebPage","@id":"https:\/\/www.infomedia42.com\/orion\/quel-avenir-pour-mon-vieux-pc-non-eligible-a-w11\/","url":"https:\/\/www.infomedia42.com\/orion\/quel-avenir-pour-mon-vieux-pc-non-eligible-a-w11\/","name":"Le 9 mars, conf\u00e9rence : Quel avenir pour mon PC non-\u00e9ligible \u00e0 Windows 11 ? - InfoMedia-L&#039;informatique pour tous","isPartOf":{"@id":"https:\/\/www.infomedia42.com\/orion\/#website"},"primaryImageOfPage":{"@id":"https:\/\/www.infomedia42.com\/orion\/quel-avenir-pour-mon-vieux-pc-non-eligible-a-w11\/#primaryimage"},"image":{"@id":"https:\/\/www.infomedia42.com\/orion\/quel-avenir-pour-mon-vieux-pc-non-eligible-a-w11\/#primaryimage"},"thumbnailUrl":"https:\/\/www.infomedia42.com\/orion\/wp-content\/uploads\/2025\/12\/Zen2.png","datePublished":"2026-02-17T10:10:46+00:00","dateModified":"2026-02-26T17:32:51+00:00","breadcrumb":{"@id":"https:\/\/www.infomedia42.com\/orion\/quel-avenir-pour-mon-vieux-pc-non-eligible-a-w11\/#breadcrumb"},"inLanguage":"fr-FR","potentialAction":[{"@type":"ReadAction","target":["https:\/\/www.infomedia42.com\/orion\/quel-avenir-pour-mon-vieux-pc-non-eligible-a-w11\/"]}]},{"@type":"ImageObject","inLanguage":"fr-FR","@id":"https:\/\/www.infomedia42.com\/orion\/quel-avenir-pour-mon-vieux-pc-non-eligible-a-w11\/#primaryimage","url":"https:\/\/www.infomedia42.com\/orion\/wp-content\/uploads\/2025\/12\/Zen2.png","contentUrl":"https:\/\/www.infomedia42.com\/orion\/wp-content\/uploads\/2025\/12\/Zen2.png","width":1536,"height":1024},{"@type":"BreadcrumbList","@id":"https:\/\/www.infomedia42.com\/orion\/quel-avenir-pour-mon-vieux-pc-non-eligible-a-w11\/#breadcrumb","itemListElement":[{"@type":"ListItem","position":1,"name":"Accueil","item":"https:\/\/www.infomedia42.com\/orion\/"},{"@type":"ListItem","position":2,"name":"Le 9 mars, conf\u00e9rence : Quel avenir pour mon PC non-\u00e9ligible \u00e0 Windows 11 ?"}]},{"@type":"WebSite","@id":"https:\/\/www.infomedia42.com\/orion\/#website","url":"https:\/\/www.infomedia42.com\/orion\/","name":"InfoMedia-L&#039;informatique pour tous","description":"Site de l&#039;association InfoMedia","publisher":{"@id":"https:\/\/www.infomedia42.com\/orion\/#organization"},"potentialAction":[{"@type":"SearchAction","target":{"@type":"EntryPoint","urlTemplate":"https:\/\/www.infomedia42.com\/orion\/?s={search_term_string}"},"query-input":{"@type":"PropertyValueSpecification","valueRequired":true,"valueName":"search_term_string"}}],"inLanguage":"fr-FR"},{"@type":"Organization","@id":"https:\/\/www.infomedia42.com\/orion\/#organization","name":"InfoMedia-L&#039;informatique pour tous","url":"https:\/\/www.infomedia42.com\/orion\/","logo":{"@type":"ImageObject","inLanguage":"fr-FR","@id":"https:\/\/www.infomedia42.com\/orion\/#\/schema\/logo\/image\/","url":"https:\/\/www.infomedia42.com\/orion\/wp-content\/uploads\/2024\/01\/cropped-Logodyn3secondes.gif","contentUrl":"https:\/\/www.infomedia42.com\/orion\/wp-content\/uploads\/2024\/01\/cropped-Logodyn3secondes.gif","width":290,"height":290,"caption":"InfoMedia-L&#039;informatique pour tous"},"image":{"@id":"https:\/\/www.infomedia42.com\/orion\/#\/schema\/logo\/image\/"}},{"@type":"Person","@id":"https:\/\/www.infomedia42.com\/orion\/#\/schema\/person\/1f76709e0e88ea2dfb8ee479990d4dd8","name":"Herv\u00e9 NICOLAS","image":{"@type":"ImageObject","inLanguage":"fr-FR","@id":"https:\/\/www.infomedia42.com\/orion\/wp-content\/uploads\/2022\/12\/herve-nicolas_avatar-62x80.jpg","url":"https:\/\/www.infomedia42.com\/orion\/wp-content\/uploads\/2022\/12\/herve-nicolas_avatar-62x80.jpg","contentUrl":"https:\/\/www.infomedia42.com\/orion\/wp-content\/uploads\/2022\/12\/herve-nicolas_avatar-62x80.jpg","caption":"Herv\u00e9 NICOLAS"},"sameAs":["http:\/\/www.infomedia42.com\/orion"],"url":"https:\/\/www.infomedia42.com\/orion\/author\/hn42\/"}]}},"_links":{"self":[{"href":"https:\/\/www.infomedia42.com\/orion\/wp-json\/wp\/v2\/posts\/4350","targetHints":{"allow":["GET"]}}],"collection":[{"href":"https:\/\/www.infomedia42.com\/orion\/wp-json\/wp\/v2\/posts"}],"about":[{"href":"https:\/\/www.infomedia42.com\/orion\/wp-json\/wp\/v2\/types\/post"}],"author":[{"embeddable":true,"href":"https:\/\/www.infomedia42.com\/orion\/wp-json\/wp\/v2\/users\/1"}],"replies":[{"embeddable":true,"href":"https:\/\/www.infomedia42.com\/orion\/wp-json\/wp\/v2\/comments?post=4350"}],"version-history":[{"count":16,"href":"https:\/\/www.infomedia42.com\/orion\/wp-json\/wp\/v2\/posts\/4350\/revisions"}],"predecessor-version":[{"id":4670,"href":"https:\/\/www.infomedia42.com\/orion\/wp-json\/wp\/v2\/posts\/4350\/revisions\/4670"}],"wp:featuredmedia":[{"embeddable":true,"href":"https:\/\/www.infomedia42.com\/orion\/wp-json\/wp\/v2\/media\/4420"}],"wp:attachment":[{"href":"https:\/\/www.infomedia42.com\/orion\/wp-json\/wp\/v2\/media?parent=4350"}],"wp:term":[{"taxonomy":"category","embeddable":true,"href":"https:\/\/www.infomedia42.com\/orion\/wp-json\/wp\/v2\/categories?post=4350"},{"taxonomy":"post_tag","embeddable":true,"href":"https:\/\/www.infomedia42.com\/orion\/wp-json\/wp\/v2\/tags?post=4350"}],"curies":[{"name":"wp","href":"https:\/\/api.w.org\/{rel}","templated":true}]}}